{"id":4798,"date":"2015-03-08T11:01:54","date_gmt":"2015-03-08T11:01:54","guid":{"rendered":"http:\/\/188.93.230.226\/~canilbei\/?p=4798"},"modified":"2016-01-27T11:30:32","modified_gmt":"2016-01-27T11:30:32","slug":"jorge-picarra-com-voss-dalmansa-vence-taca-de-portugal-primavera-2015","status":"publish","type":"post","link":"http:\/\/www.canilbeiratejo.com\/en\/jorge-picarra-com-voss-dalmansa-vence-taca-de-portugal-primavera-2015\/","title":{"rendered":"(Portugu\u00eas) Jorge Pi\u00e7arra com Voss d&#8217;Almansa vence Ta\u00e7a de Portugal Primavera 2015"},"content":{"rendered":"<p class=\"qtranxs-available-languages-message qtranxs-available-languages-message-en\">Sorry, this entry is only available in <a href=\"http:\/\/www.canilbeiratejo.com\/pt\/wp-json\/wp\/v2\/posts\/4798\" class=\"qtranxs-available-language-link qtranxs-available-language-link-pt\" title=\"Portugu\u00eas\">Portugu\u00eas<\/a>.<\/p>","protected":false},"excerpt":{"rendered":"<p class=\"qtranxs-available-languages-message qtranxs-available-languages-message-en\">Sorry, this entry is only available in <a href=\"http:\/\/www.canilbeiratejo.com\/pt\/wp-json\/wp\/v2\/posts\/4798\" class=\"qtranxs-available-language-link qtranxs-available-language-link-pt\" title=\"Portugu\u00eas\">Portugu\u00eas<\/a>.<\/p>\n","protected":false},"author":4,"featured_media":4799,"comment_status":"open","ping_status":"closed","sticky":false,"template":"","format":"standard","meta":{"footnotes":""},"categories":[40],"tags":[],"class_list":["post-4798","post","type-post","status-publish","format-standard","has-post-thumbnail","hentry","category-competicao"],"_links":{"self":[{"href":"http:\/\/www.canilbeiratejo.com\/en\/wp-json\/wp\/v2\/posts\/4798","targetHints":{"allow":["GET"]}}],"collection":[{"href":"http:\/\/www.canilbeiratejo.com\/en\/wp-json\/wp\/v2\/posts"}],"about":[{"href":"http:\/\/www.canilbeiratejo.com\/en\/wp-json\/wp\/v2\/types\/post"}],"author":[{"embeddable":true,"href":"http:\/\/www.canilbeiratejo.com\/en\/wp-json\/wp\/v2\/users\/4"}],"replies":[{"embeddable":true,"href":"http:\/\/www.canilbeiratejo.com\/en\/wp-json\/wp\/v2\/comments?post=4798"}],"version-history":[{"count":1,"href":"http:\/\/www.canilbeiratejo.com\/en\/wp-json\/wp\/v2\/posts\/4798\/revisions"}],"predecessor-version":[{"id":4800,"href":"http:\/\/www.canilbeiratejo.com\/en\/wp-json\/wp\/v2\/posts\/4798\/revisions\/4800"}],"wp:featuredmedia":[{"embeddable":true,"href":"http:\/\/www.canilbeiratejo.com\/en\/wp-json\/wp\/v2\/media\/4799"}],"wp:attachment":[{"href":"http:\/\/www.canilbeiratejo.com\/en\/wp-json\/wp\/v2\/media?parent=4798"}],"wp:term":[{"taxonomy":"category","embeddable":true,"href":"http:\/\/www.canilbeiratejo.com\/en\/wp-json\/wp\/v2\/categories?post=4798"},{"taxonomy":"post_tag","embeddable":true,"href":"http:\/\/www.canilbeiratejo.com\/en\/wp-json\/wp\/v2\/tags?post=4798"}],"curies":[{"name":"wp","href":"https:\/\/api.w.org\/{rel}","templated":true}]}}