{"id":5124,"date":"2019-03-01T15:00:03","date_gmt":"2019-03-01T15:00:03","guid":{"rendered":"http:\/\/www.canilbeiratejo.com\/?p=5124"},"modified":"2019-03-01T15:08:00","modified_gmt":"2019-03-01T15:08:00","slug":"andaluzia-2019the-end","status":"publish","type":"post","link":"http:\/\/www.canilbeiratejo.com\/en\/andaluzia-2019the-end\/","title":{"rendered":"Andaluzia 2019#The end&#8230;#"},"content":{"rendered":"[vc_row][vc_column][vc_column_text]Campeonatodo do mundo Primavera do Braco Alem\u00e3o# Aradensis JAVA &#8211; 2\u00b0 lugar (em empate com mais dois c\u00e3es).<br \/>\nTerminamos assim a nossa temporada onde destacamos 12x classifica\u00e7\u00f5es com nota de EXCELENTE, 5x Vencedor das s\u00e9ries, 3x presen\u00e7as em barrage finais.<br \/>\nObrigado a todos os Propriet\u00e1rios e a todos os que nos incentivam a seguir em frente!!<\/p>\n<p>&nbsp;<\/p>\n\n\t\t<style type=\"text\/css\">\n\t\t\t#gallery-2 {\n\t\t\t\tmargin: auto;\n\t\t\t}\n\t\t\t#gallery-2 .gallery-item {\n\t\t\t\tfloat: left;\n\t\t\t\tmargin-top: 10px;\n\t\t\t\ttext-align: center;\n\t\t\t\twidth: 25%;\n\t\t\t}\n\t\t\t#gallery-2 img {\n\t\t\t\tborder: 2px solid #cfcfcf;\n\t\t\t}\n\t\t\t#gallery-2 .gallery-caption {\n\t\t\t\tmargin-left: 0;\n\t\t\t}\n\t\t\t\/* see gallery_shortcode() in wp-includes\/media.php *\/\n\t\t<\/style>\n\t\t<div id='gallery-2' class='gallery galleryid-5124 gallery-columns-4 gallery-size-thumbnail'><dl class='gallery-item'>\n\t\t\t<dt class='gallery-icon landscape'>\n\t\t\t\t<a rel='wp-prettyPhoto[gallery]' href='http:\/\/www.canilbeiratejo.com\/wp-content\/uploads\/2019\/03\/1.jpg'><img loading=\"lazy\" decoding=\"async\" width=\"150\" height=\"150\" src=\"http:\/\/www.canilbeiratejo.com\/wp-content\/uploads\/2019\/03\/1-150x150.jpg\" class=\"attachment-thumbnail size-thumbnail\" alt=\"\" \/><\/a>\n\t\t\t<\/dt><\/dl><dl class='gallery-item'>\n\t\t\t<dt class='gallery-icon landscape'>\n\t\t\t\t<a rel='wp-prettyPhoto[gallery]' href='http:\/\/www.canilbeiratejo.com\/wp-content\/uploads\/2019\/03\/2.jpg'><img loading=\"lazy\" decoding=\"async\" width=\"150\" height=\"150\" src=\"http:\/\/www.canilbeiratejo.com\/wp-content\/uploads\/2019\/03\/2-150x150.jpg\" class=\"attachment-thumbnail size-thumbnail\" alt=\"\" srcset=\"http:\/\/www.canilbeiratejo.com\/wp-content\/uploads\/2019\/03\/2-150x150.jpg 150w, http:\/\/www.canilbeiratejo.com\/wp-content\/uploads\/2019\/03\/2-300x300.jpg 300w, http:\/\/www.canilbeiratejo.com\/wp-content\/uploads\/2019\/03\/2-768x768.jpg 768w, http:\/\/www.canilbeiratejo.com\/wp-content\/uploads\/2019\/03\/2.jpg 960w\" sizes=\"auto, (max-width: 150px) 100vw, 150px\" \/><\/a>\n\t\t\t<\/dt><\/dl><dl class='gallery-item'>\n\t\t\t<dt class='gallery-icon portrait'>\n\t\t\t\t<a rel='wp-prettyPhoto[gallery]' href='http:\/\/www.canilbeiratejo.com\/wp-content\/uploads\/2019\/03\/3.jpg'><img loading=\"lazy\" decoding=\"async\" width=\"150\" height=\"150\" src=\"http:\/\/www.canilbeiratejo.com\/wp-content\/uploads\/2019\/03\/3-150x150.jpg\" class=\"attachment-thumbnail size-thumbnail\" alt=\"\" \/><\/a>\n\t\t\t<\/dt><\/dl>\n\t\t\t<br style='clear: both' \/>\n\t\t<\/div>\n[\/vc_column_text][\/vc_column][\/vc_row]","protected":false},"excerpt":{"rendered":"<p>[vc_row][vc_column][vc_column_text]Campeonatodo do mundo Primavera do Braco Alem\u00e3o# Aradensis JAVA &#8211; 2\u00b0 lugar (em empate com mais dois c\u00e3es). Terminamos assim a nossa temporada onde destacamos 12x classifica\u00e7\u00f5es com nota de EXCELENTE, 5x Vencedor das s\u00e9ries, 3x presen\u00e7as em barrage finais. Obrigado a todos os Propriet\u00e1rios e a [&hellip;]<\/p>\n","protected":false},"author":4,"featured_media":5129,"comment_status":"open","ping_status":"closed","sticky":false,"template":"","format":"standard","meta":{"footnotes":""},"categories":[40],"tags":[],"class_list":["post-5124","post","type-post","status-publish","format-standard","has-post-thumbnail","hentry","category-competicao"],"_links":{"self":[{"href":"http:\/\/www.canilbeiratejo.com\/en\/wp-json\/wp\/v2\/posts\/5124","targetHints":{"allow":["GET"]}}],"collection":[{"href":"http:\/\/www.canilbeiratejo.com\/en\/wp-json\/wp\/v2\/posts"}],"about":[{"href":"http:\/\/www.canilbeiratejo.com\/en\/wp-json\/wp\/v2\/types\/post"}],"author":[{"embeddable":true,"href":"http:\/\/www.canilbeiratejo.com\/en\/wp-json\/wp\/v2\/users\/4"}],"replies":[{"embeddable":true,"href":"http:\/\/www.canilbeiratejo.com\/en\/wp-json\/wp\/v2\/comments?post=5124"}],"version-history":[{"count":3,"href":"http:\/\/www.canilbeiratejo.com\/en\/wp-json\/wp\/v2\/posts\/5124\/revisions"}],"predecessor-version":[{"id":5131,"href":"http:\/\/www.canilbeiratejo.com\/en\/wp-json\/wp\/v2\/posts\/5124\/revisions\/5131"}],"wp:featuredmedia":[{"embeddable":true,"href":"http:\/\/www.canilbeiratejo.com\/en\/wp-json\/wp\/v2\/media\/5129"}],"wp:attachment":[{"href":"http:\/\/www.canilbeiratejo.com\/en\/wp-json\/wp\/v2\/media?parent=5124"}],"wp:term":[{"taxonomy":"category","embeddable":true,"href":"http:\/\/www.canilbeiratejo.com\/en\/wp-json\/wp\/v2\/categories?post=5124"},{"taxonomy":"post_tag","embeddable":true,"href":"http:\/\/www.canilbeiratejo.com\/en\/wp-json\/wp\/v2\/tags?post=5124"}],"curies":[{"name":"wp","href":"https:\/\/api.w.org\/{rel}","templated":true}]}}