{"id":5142,"date":"2019-03-01T15:13:59","date_gmt":"2019-03-01T15:13:59","guid":{"rendered":"http:\/\/www.canilbeiratejo.com\/?p=5142"},"modified":"2019-03-01T15:15:32","modified_gmt":"2019-03-01T15:15:32","slug":"taca-de-portugal-1-dia-de-prova","status":"publish","type":"post","link":"http:\/\/www.canilbeiratejo.com\/en\/taca-de-portugal-1-dia-de-prova\/","title":{"rendered":"Ta\u00e7a de Portugal # 1\u00b0 dia de Prova"},"content":{"rendered":"[vc_row][vc_column][vc_column_text]Ta\u00e7a de Portugal # 1\u00b0 dia de Prova.<br \/>\nVencemos as duas s\u00e9ries onde concorremos.<br \/>\nS\u00e9rie terreno 4. juizes ( <a class=\"profileLink\" href=\"https:\/\/www.facebook.com\/profile.php?id=100010097404464&amp;__tn__=%2CdK-R-R&amp;eid=ARBxMljcjBSBv-UMHz48tu6ml3-2Ea5kFrLTtnWnISq0I7xrDO_uD8c6m4mz5xhRtRtne2E3Dce0Psbo&amp;fref=mentions\" data-hovercard=\"\/ajax\/hovercard\/user.php?id=100010097404464&amp;extragetparams=%7B%22__tn__%22%3A%22%2CdK-R-R%22%2C%22eid%22%3A%22ARBxMljcjBSBv-UMHz48tu6ml3-2Ea5kFrLTtnWnISq0I7xrDO_uD8c6m4mz5xhRtRtne2E3Dce0Psbo%22%2C%22fref%22%3A%22mentions%22%7D\" data-hovercard-prefer-more-content-show=\"1\">Joaquim Vitorino<\/a> e <a class=\"profileLink\" href=\"https:\/\/www.facebook.com\/profile.php?id=100007588241968&amp;__tn__=%2CdK-R-R&amp;eid=ARA1vBaE1ogNCpScBDXs_L7VlFkLJJu92lFmVEdTkSkn5AX2gNn0Fo-QYVRUSPWTk4CrSDJVDC5JrUYm&amp;fref=mentions\" data-hovercard=\"\/ajax\/hovercard\/user.php?id=100007588241968&amp;extragetparams=%7B%22__tn__%22%3A%22%2CdK-R-R%22%2C%22eid%22%3A%22ARA1vBaE1ogNCpScBDXs_L7VlFkLJJu92lFmVEdTkSkn5AX2gNn0Fo-QYVRUSPWTk4CrSDJVDC5JrUYm%22%2C%22fref%22%3A%22mentions%22%7D\" data-hovercard-prefer-more-content-show=\"1\">Pedro Pereira<\/a>)<br \/>\nJota do Vale dos Sabugos<br \/>\n1\u00b0 Excelente CACT<span class=\"text_exposed_show\"><br \/>\nGiani<br \/>\n2 \u00b0 Excelente.<br \/>\nS\u00e9rie terreno 1. ju\u00edzes ( Manuel Br\u00e1s e Carlos Ferreira )<br \/>\nLoupa<br \/>\n1\u00b0 Excelente<br \/>\nArandensis Jotta<br \/>\n2 Muito Bom<br \/>\nErick de Lepe<br \/>\n3 Muito Bom<\/span>[\/vc_column_text][\/vc_column][\/vc_row]","protected":false},"excerpt":{"rendered":"<p>[vc_row][vc_column][vc_column_text]Ta\u00e7a de Portugal # 1\u00b0 dia de Prova. Vencemos as duas s\u00e9ries onde concorremos. S\u00e9rie terreno 4. juizes ( Joaquim Vitorino e Pedro Pereira) Jota do Vale dos Sabugos 1\u00b0 Excelente CACT Giani 2 \u00b0 Excelente. S\u00e9rie terreno 1. ju\u00edzes ( Manuel Br\u00e1s e Carlos Ferreira ) [&hellip;]<\/p>\n","protected":false},"author":4,"featured_media":5146,"comment_status":"open","ping_status":"closed","sticky":false,"template":"","format":"standard","meta":{"footnotes":""},"categories":[44,40],"tags":[],"class_list":["post-5142","post","type-post","status-publish","format-standard","has-post-thumbnail","hentry","category-centro-pedagogico","category-competicao"],"_links":{"self":[{"href":"http:\/\/www.canilbeiratejo.com\/en\/wp-json\/wp\/v2\/posts\/5142","targetHints":{"allow":["GET"]}}],"collection":[{"href":"http:\/\/www.canilbeiratejo.com\/en\/wp-json\/wp\/v2\/posts"}],"about":[{"href":"http:\/\/www.canilbeiratejo.com\/en\/wp-json\/wp\/v2\/types\/post"}],"author":[{"embeddable":true,"href":"http:\/\/www.canilbeiratejo.com\/en\/wp-json\/wp\/v2\/users\/4"}],"replies":[{"embeddable":true,"href":"http:\/\/www.canilbeiratejo.com\/en\/wp-json\/wp\/v2\/comments?post=5142"}],"version-history":[{"count":3,"href":"http:\/\/www.canilbeiratejo.com\/en\/wp-json\/wp\/v2\/posts\/5142\/revisions"}],"predecessor-version":[{"id":5150,"href":"http:\/\/www.canilbeiratejo.com\/en\/wp-json\/wp\/v2\/posts\/5142\/revisions\/5150"}],"wp:featuredmedia":[{"embeddable":true,"href":"http:\/\/www.canilbeiratejo.com\/en\/wp-json\/wp\/v2\/media\/5146"}],"wp:attachment":[{"href":"http:\/\/www.canilbeiratejo.com\/en\/wp-json\/wp\/v2\/media?parent=5142"}],"wp:term":[{"taxonomy":"category","embeddable":true,"href":"http:\/\/www.canilbeiratejo.com\/en\/wp-json\/wp\/v2\/categories?post=5142"},{"taxonomy":"post_tag","embeddable":true,"href":"http:\/\/www.canilbeiratejo.com\/en\/wp-json\/wp\/v2\/tags?post=5142"}],"curies":[{"name":"wp","href":"https:\/\/api.w.org\/{rel}","templated":true}]}}