{"id":5181,"date":"2019-07-26T10:42:20","date_gmt":"2019-07-26T09:42:20","guid":{"rendered":"http:\/\/www.canilbeiratejo.com\/?p=5181"},"modified":"2019-07-26T11:04:29","modified_gmt":"2019-07-26T10:04:29","slug":"fim-de-semana-noutros-terrenos-mas-em-accoes-de-desenvolvimento-cinotecnico","status":"publish","type":"post","link":"http:\/\/www.canilbeiratejo.com\/en\/fim-de-semana-noutros-terrenos-mas-em-accoes-de-desenvolvimento-cinotecnico\/","title":{"rendered":"Fim de semana &#8220;noutros terrenos&#8221;, mas em ac\u00e7\u00f5es de desenvolvimento cinot\u00e9cnico."},"content":{"rendered":"[vc_row][vc_column][vc_column_text]CENTRO PEDAG\u00d3GICO CANINO BEIRA TEJO<br \/>\nFim de semana &#8220;noutros terrenos&#8221;, mas em ac\u00e7\u00f5es de desenvolvimento cinot\u00e9cnico.<br \/>\n1. Participa\u00e7\u00e3o no col\u00f3quio promovido pela Confedera\u00e7\u00e3o Nacional de ca\u00e7adores Portugueses sobre a tem\u00e1tica de Sto Huberto.<br \/>\n2. Participa\u00e7\u00e3o na Exposi\u00e7\u00e3o Internacional de Lisboa.<br \/>\nMILK de la Source aux Perdrix.<span class=\"text_exposed_show\"><br \/>\nProp. Ant\u00f3nio Paulo Rodrigues<br \/>\nVencedor da classe de trabalho.<br \/>\nCAC RCACIB nos 2 dias .<br \/>\nBELLAZZA del Assegnare.<br \/>\nMelhor Junior F\u00eamea ccj<br \/>\n1\u00b0Excelente.<br \/>\nProp. Jorge Gaidao<\/span>[\/vc_column_text][\/vc_column][\/vc_row]","protected":false},"excerpt":{"rendered":"<p>[vc_row][vc_column][vc_column_text]CENTRO PEDAG\u00d3GICO CANINO BEIRA TEJO Fim de semana &#8220;noutros terrenos&#8221;, mas em ac\u00e7\u00f5es de desenvolvimento cinot\u00e9cnico. 1. Participa\u00e7\u00e3o no col\u00f3quio promovido pela Confedera\u00e7\u00e3o Nacional de ca\u00e7adores Portugueses sobre a tem\u00e1tica de Sto Huberto. 2. Participa\u00e7\u00e3o na Exposi\u00e7\u00e3o Internacional de Lisboa. MILK de la Source aux Perdrix. Prop. [&hellip;]<\/p>\n","protected":false},"author":4,"featured_media":5188,"comment_status":"open","ping_status":"closed","sticky":false,"template":"","format":"standard","meta":{"footnotes":""},"categories":[44],"tags":[],"class_list":["post-5181","post","type-post","status-publish","format-standard","has-post-thumbnail","hentry","category-centro-pedagogico"],"_links":{"self":[{"href":"http:\/\/www.canilbeiratejo.com\/en\/wp-json\/wp\/v2\/posts\/5181","targetHints":{"allow":["GET"]}}],"collection":[{"href":"http:\/\/www.canilbeiratejo.com\/en\/wp-json\/wp\/v2\/posts"}],"about":[{"href":"http:\/\/www.canilbeiratejo.com\/en\/wp-json\/wp\/v2\/types\/post"}],"author":[{"embeddable":true,"href":"http:\/\/www.canilbeiratejo.com\/en\/wp-json\/wp\/v2\/users\/4"}],"replies":[{"embeddable":true,"href":"http:\/\/www.canilbeiratejo.com\/en\/wp-json\/wp\/v2\/comments?post=5181"}],"version-history":[{"count":4,"href":"http:\/\/www.canilbeiratejo.com\/en\/wp-json\/wp\/v2\/posts\/5181\/revisions"}],"predecessor-version":[{"id":5191,"href":"http:\/\/www.canilbeiratejo.com\/en\/wp-json\/wp\/v2\/posts\/5181\/revisions\/5191"}],"wp:featuredmedia":[{"embeddable":true,"href":"http:\/\/www.canilbeiratejo.com\/en\/wp-json\/wp\/v2\/media\/5188"}],"wp:attachment":[{"href":"http:\/\/www.canilbeiratejo.com\/en\/wp-json\/wp\/v2\/media?parent=5181"}],"wp:term":[{"taxonomy":"category","embeddable":true,"href":"http:\/\/www.canilbeiratejo.com\/en\/wp-json\/wp\/v2\/categories?post=5181"},{"taxonomy":"post_tag","embeddable":true,"href":"http:\/\/www.canilbeiratejo.com\/en\/wp-json\/wp\/v2\/tags?post=5181"}],"curies":[{"name":"wp","href":"https:\/\/api.w.org\/{rel}","templated":true}]}}