{"id":5220,"date":"2019-09-24T16:46:15","date_gmt":"2019-09-24T15:46:15","guid":{"rendered":"http:\/\/www.canilbeiratejo.com\/?p=5220"},"modified":"2019-09-24T16:47:14","modified_gmt":"2019-09-24T15:47:14","slug":"kalser-de-gabricam-novo-reforco-para-a-equipa-de-competicao","status":"publish","type":"post","link":"http:\/\/www.canilbeiratejo.com\/en\/kalser-de-gabricam-novo-reforco-para-a-equipa-de-competicao\/","title":{"rendered":"Kalser de Gabricam novo refor\u00e7o para a equipa de competi\u00e7\u00e3o&#8230;"},"content":{"rendered":"[vc_row][vc_column][vc_column_text]Kalser de Gabricam novo refor\u00e7o para a equipa de competi\u00e7\u00e3o&#8230;[\/vc_column_text][\/vc_column][\/vc_row][vc_row][vc_column][vc_column_text]\n\t\t<style type=\"text\/css\">\n\t\t\t#gallery-2 {\n\t\t\t\tmargin: auto;\n\t\t\t}\n\t\t\t#gallery-2 .gallery-item {\n\t\t\t\tfloat: left;\n\t\t\t\tmargin-top: 10px;\n\t\t\t\ttext-align: center;\n\t\t\t\twidth: 25%;\n\t\t\t}\n\t\t\t#gallery-2 img {\n\t\t\t\tborder: 2px solid #cfcfcf;\n\t\t\t}\n\t\t\t#gallery-2 .gallery-caption {\n\t\t\t\tmargin-left: 0;\n\t\t\t}\n\t\t\t\/* see gallery_shortcode() in wp-includes\/media.php *\/\n\t\t<\/style>\n\t\t<div id='gallery-2' class='gallery galleryid-5220 gallery-columns-4 gallery-size-thumbnail'><dl class='gallery-item'>\n\t\t\t<dt class='gallery-icon portrait'>\n\t\t\t\t<a rel='wp-prettyPhoto[gallery]' href='http:\/\/www.canilbeiratejo.com\/wp-content\/uploads\/2019\/09\/71496482_1648028931999075_3391345286893797376_n.jpg'><img loading=\"lazy\" decoding=\"async\" width=\"150\" height=\"150\" src=\"http:\/\/www.canilbeiratejo.com\/wp-content\/uploads\/2019\/09\/71496482_1648028931999075_3391345286893797376_n-150x150.jpg\" class=\"attachment-thumbnail size-thumbnail\" alt=\"\" \/><\/a>\n\t\t\t<\/dt><\/dl>\n\t\t\t<br style='clear: both' \/>\n\t\t<\/div>\n[\/vc_column_text][\/vc_column][\/vc_row]","protected":false},"excerpt":{"rendered":"<p>[vc_row][vc_column][vc_column_text]Kalser de Gabricam novo refor\u00e7o para a equipa de competi\u00e7\u00e3o&#8230;[\/vc_column_text][\/vc_column][\/vc_row][vc_row][vc_column][vc_column_text][\/vc_column_text][\/vc_column][\/vc_row]<\/p>\n","protected":false},"author":4,"featured_media":5222,"comment_status":"open","ping_status":"closed","sticky":false,"template":"","format":"standard","meta":{"footnotes":""},"categories":[44,40],"tags":[],"class_list":["post-5220","post","type-post","status-publish","format-standard","has-post-thumbnail","hentry","category-centro-pedagogico","category-competicao"],"_links":{"self":[{"href":"http:\/\/www.canilbeiratejo.com\/en\/wp-json\/wp\/v2\/posts\/5220","targetHints":{"allow":["GET"]}}],"collection":[{"href":"http:\/\/www.canilbeiratejo.com\/en\/wp-json\/wp\/v2\/posts"}],"about":[{"href":"http:\/\/www.canilbeiratejo.com\/en\/wp-json\/wp\/v2\/types\/post"}],"author":[{"embeddable":true,"href":"http:\/\/www.canilbeiratejo.com\/en\/wp-json\/wp\/v2\/users\/4"}],"replies":[{"embeddable":true,"href":"http:\/\/www.canilbeiratejo.com\/en\/wp-json\/wp\/v2\/comments?post=5220"}],"version-history":[{"count":3,"href":"http:\/\/www.canilbeiratejo.com\/en\/wp-json\/wp\/v2\/posts\/5220\/revisions"}],"predecessor-version":[{"id":5224,"href":"http:\/\/www.canilbeiratejo.com\/en\/wp-json\/wp\/v2\/posts\/5220\/revisions\/5224"}],"wp:featuredmedia":[{"embeddable":true,"href":"http:\/\/www.canilbeiratejo.com\/en\/wp-json\/wp\/v2\/media\/5222"}],"wp:attachment":[{"href":"http:\/\/www.canilbeiratejo.com\/en\/wp-json\/wp\/v2\/media?parent=5220"}],"wp:term":[{"taxonomy":"category","embeddable":true,"href":"http:\/\/www.canilbeiratejo.com\/en\/wp-json\/wp\/v2\/categories?post=5220"},{"taxonomy":"post_tag","embeddable":true,"href":"http:\/\/www.canilbeiratejo.com\/en\/wp-json\/wp\/v2\/tags?post=5220"}],"curies":[{"name":"wp","href":"https:\/\/api.w.org\/{rel}","templated":true}]}}