{"id":5291,"date":"2020-03-17T16:18:10","date_gmt":"2020-03-17T16:18:10","guid":{"rendered":"http:\/\/www.canilbeiratejo.com\/?p=5291"},"modified":"2020-03-17T16:19:23","modified_gmt":"2020-03-17T16:19:23","slug":"prova-de-primavera-organizacao-cpeb","status":"publish","type":"post","link":"http:\/\/www.canilbeiratejo.com\/en\/prova-de-primavera-organizacao-cpeb\/","title":{"rendered":"Prova de Primavera, organiza\u00e7\u00e3o CPEB."},"content":{"rendered":"[vc_row][vc_column][vc_column_text]Prova de Primavera, organiza\u00e7\u00e3o CPEB.<br \/>\nEquipa em Grande destaque.<br \/>\n4 percursos na nota alta do Concurso.<br \/>\nMilk, Loupa, Pep e Jota.<br \/>\nVencedor da S\u00e9rie<span class=\"text_exposed_show\"><br \/>\n1 Excelente CACT<br \/>\nJota do vale do Sabugo.<br \/>\n2 Excelente RCACT<br \/>\nPEP Bretonique Style.<br \/>\n3 Excelente<br \/>\nLoupa.<\/span>[\/vc_column_text][\/vc_column][\/vc_row]","protected":false},"excerpt":{"rendered":"<p class=\"qtranxs-available-languages-message qtranxs-available-languages-message-en\">Sorry, this entry is only available in <a href=\"http:\/\/www.canilbeiratejo.com\/pt\/wp-json\/wp\/v2\/posts\/5291\" class=\"qtranxs-available-language-link qtranxs-available-language-link-pt\" title=\"Portugu\u00eas\">Portugu\u00eas<\/a>.<\/p>\n","protected":false},"author":4,"featured_media":5295,"comment_status":"open","ping_status":"closed","sticky":false,"template":"","format":"standard","meta":{"footnotes":""},"categories":[40],"tags":[],"class_list":["post-5291","post","type-post","status-publish","format-standard","has-post-thumbnail","hentry","category-competicao"],"_links":{"self":[{"href":"http:\/\/www.canilbeiratejo.com\/en\/wp-json\/wp\/v2\/posts\/5291","targetHints":{"allow":["GET"]}}],"collection":[{"href":"http:\/\/www.canilbeiratejo.com\/en\/wp-json\/wp\/v2\/posts"}],"about":[{"href":"http:\/\/www.canilbeiratejo.com\/en\/wp-json\/wp\/v2\/types\/post"}],"author":[{"embeddable":true,"href":"http:\/\/www.canilbeiratejo.com\/en\/wp-json\/wp\/v2\/users\/4"}],"replies":[{"embeddable":true,"href":"http:\/\/www.canilbeiratejo.com\/en\/wp-json\/wp\/v2\/comments?post=5291"}],"version-history":[{"count":3,"href":"http:\/\/www.canilbeiratejo.com\/en\/wp-json\/wp\/v2\/posts\/5291\/revisions"}],"predecessor-version":[{"id":5297,"href":"http:\/\/www.canilbeiratejo.com\/en\/wp-json\/wp\/v2\/posts\/5291\/revisions\/5297"}],"wp:featuredmedia":[{"embeddable":true,"href":"http:\/\/www.canilbeiratejo.com\/en\/wp-json\/wp\/v2\/media\/5295"}],"wp:attachment":[{"href":"http:\/\/www.canilbeiratejo.com\/en\/wp-json\/wp\/v2\/media?parent=5291"}],"wp:term":[{"taxonomy":"category","embeddable":true,"href":"http:\/\/www.canilbeiratejo.com\/en\/wp-json\/wp\/v2\/categories?post=5291"},{"taxonomy":"post_tag","embeddable":true,"href":"http:\/\/www.canilbeiratejo.com\/en\/wp-json\/wp\/v2\/tags?post=5291"}],"curies":[{"name":"wp","href":"https:\/\/api.w.org\/{rel}","templated":true}]}}