{"id":5395,"date":"2023-01-26T12:49:39","date_gmt":"2023-01-26T12:49:39","guid":{"rendered":"http:\/\/www.canilbeiratejo.com\/?p=5395"},"modified":"2023-03-21T12:58:55","modified_gmt":"2023-03-21T12:58:55","slug":"taca-de-portugal-juniores","status":"publish","type":"post","link":"http:\/\/www.canilbeiratejo.com\/en\/taca-de-portugal-juniores\/","title":{"rendered":"TA\u00c7A DE PORTUGAL JUNIORES"},"content":{"rendered":"[vc_row][vc_column][vc_column_text]\n<div class=\"\" dir=\"auto\">\n<div id=\"jsc_c_7xg\" class=\"x1iorvi4 x1pi30zi x1swvt13 x1l90r2v\" data-ad-comet-preview=\"message\" data-ad-preview=\"message\">\n<div class=\"x78zum5 xdt5ytf xz62fqu x16ldp7u\">\n<div class=\"xu06os2 x1ok221b\">\n<div class=\"x11i5rnm xat24cr x1mh8g0r x1vvkbs xdj266r x126k92a\">\n<div dir=\"auto\">Centro Pedag\u00f3gico Canino Beira Tejo.<\/div>\n<div dir=\"auto\">TA\u00c7A DE PORTUGAL JUNIORES.<\/div>\n<div dir=\"auto\">Vencedor da Ta\u00e7a de Continentais.<\/div>\n<div dir=\"auto\">Joca do Matalot dit Speed<\/div>\n<div dir=\"auto\">19 meses.<\/div>\n<div dir=\"auto\">Vencedor do trof\u00e9u Melhor Perdigueiro Portugu\u00eas.<\/div>\n<div dir=\"auto\">Komy das Terras do Infante<\/div>\n<div dir=\"auto\">18 meses.<\/div>\n<div dir=\"auto\">O trabalho vai continuar com a prepara\u00e7\u00e3o para a emblem\u00e1tica semana de Andaluzia com toda a Equipa Beira Tejo em ac\u00e7\u00e3o. Este ano contamos com 16 alunos a integrar a comitiva em terras de Espanha.<\/div>\n<\/div>\n<\/div>\n<\/div>\n<\/div>\n<\/div>\n[\/vc_column_text][\/vc_column][\/vc_row][vc_row][vc_column][vc_column_text]\n\t\t<style type=\"text\/css\">\n\t\t\t#gallery-2 {\n\t\t\t\tmargin: auto;\n\t\t\t}\n\t\t\t#gallery-2 .gallery-item {\n\t\t\t\tfloat: left;\n\t\t\t\tmargin-top: 10px;\n\t\t\t\ttext-align: center;\n\t\t\t\twidth: 25%;\n\t\t\t}\n\t\t\t#gallery-2 img {\n\t\t\t\tborder: 2px solid #cfcfcf;\n\t\t\t}\n\t\t\t#gallery-2 .gallery-caption {\n\t\t\t\tmargin-left: 0;\n\t\t\t}\n\t\t\t\/* see gallery_shortcode() in wp-includes\/media.php *\/\n\t\t<\/style>\n\t\t<div id='gallery-2' class='gallery galleryid-5395 gallery-columns-4 gallery-size-thumbnail'><dl class='gallery-item'>\n\t\t\t<dt class='gallery-icon portrait'>\n\t\t\t\t<a rel='wp-prettyPhoto[gallery]' href='http:\/\/www.canilbeiratejo.com\/wp-content\/uploads\/2023\/03\/tc.jpg'><img loading=\"lazy\" decoding=\"async\" width=\"150\" height=\"150\" src=\"http:\/\/www.canilbeiratejo.com\/wp-content\/uploads\/2023\/03\/tc-150x150.jpg\" class=\"attachment-thumbnail size-thumbnail\" alt=\"\" \/><\/a>\n\t\t\t<\/dt><\/dl>\n\t\t\t<br style='clear: both' \/>\n\t\t<\/div>\n[\/vc_column_text][\/vc_column][\/vc_row]","protected":false},"excerpt":{"rendered":"<p>[vc_row][vc_column][vc_column_text] Centro Pedag\u00f3gico Canino Beira Tejo. TA\u00c7A DE PORTUGAL JUNIORES. Vencedor da Ta\u00e7a de Continentais. Joca do Matalot dit Speed 19 meses. Vencedor do trof\u00e9u Melhor Perdigueiro Portugu\u00eas. Komy das Terras do Infante 18 meses. O trabalho vai continuar com a prepara\u00e7\u00e3o para a emblem\u00e1tica semana de [&hellip;]<\/p>\n","protected":false},"author":4,"featured_media":5397,"comment_status":"open","ping_status":"closed","sticky":false,"template":"","format":"standard","meta":{"footnotes":""},"categories":[44,40],"tags":[],"class_list":["post-5395","post","type-post","status-publish","format-standard","has-post-thumbnail","hentry","category-centro-pedagogico","category-competicao"],"_links":{"self":[{"href":"http:\/\/www.canilbeiratejo.com\/en\/wp-json\/wp\/v2\/posts\/5395","targetHints":{"allow":["GET"]}}],"collection":[{"href":"http:\/\/www.canilbeiratejo.com\/en\/wp-json\/wp\/v2\/posts"}],"about":[{"href":"http:\/\/www.canilbeiratejo.com\/en\/wp-json\/wp\/v2\/types\/post"}],"author":[{"embeddable":true,"href":"http:\/\/www.canilbeiratejo.com\/en\/wp-json\/wp\/v2\/users\/4"}],"replies":[{"embeddable":true,"href":"http:\/\/www.canilbeiratejo.com\/en\/wp-json\/wp\/v2\/comments?post=5395"}],"version-history":[{"count":3,"href":"http:\/\/www.canilbeiratejo.com\/en\/wp-json\/wp\/v2\/posts\/5395\/revisions"}],"predecessor-version":[{"id":5399,"href":"http:\/\/www.canilbeiratejo.com\/en\/wp-json\/wp\/v2\/posts\/5395\/revisions\/5399"}],"wp:featuredmedia":[{"embeddable":true,"href":"http:\/\/www.canilbeiratejo.com\/en\/wp-json\/wp\/v2\/media\/5397"}],"wp:attachment":[{"href":"http:\/\/www.canilbeiratejo.com\/en\/wp-json\/wp\/v2\/media?parent=5395"}],"wp:term":[{"taxonomy":"category","embeddable":true,"href":"http:\/\/www.canilbeiratejo.com\/en\/wp-json\/wp\/v2\/categories?post=5395"},{"taxonomy":"post_tag","embeddable":true,"href":"http:\/\/www.canilbeiratejo.com\/en\/wp-json\/wp\/v2\/tags?post=5395"}],"curies":[{"name":"wp","href":"https:\/\/api.w.org\/{rel}","templated":true}]}}