{"id":5405,"date":"2022-11-13T12:56:00","date_gmt":"2022-11-13T12:56:00","guid":{"rendered":"http:\/\/www.canilbeiratejo.com\/?p=5405"},"modified":"2023-03-21T12:57:58","modified_gmt":"2023-03-21T12:57:58","slug":"vencemos-a-taca-de-portugal-caca-pratica","status":"publish","type":"post","link":"http:\/\/www.canilbeiratejo.com\/en\/vencemos-a-taca-de-portugal-caca-pratica\/","title":{"rendered":"Vencemos a TA\u00c7A DE PORTUGAL CA\u00c7A PR\u00c1TICA"},"content":{"rendered":"[vc_row][vc_column][vc_column_text]Vencemos a TA\u00c7A DE PORTUGAL CA\u00c7A PR\u00c1TICA com Obut de Source aux perdrix!<br \/>\n1\u00b0EXC CACT CACIT + RCACT<br \/>\nOutras classifica\u00e7\u00f5es de hoje:<br \/>\n1 EXCELENTE CACT Pep Bretonique Style<br \/>\n3\u00b0 EXCELENTE Swing da Beira Tejo<br \/>\nEXCELENTE Mamuba de Bretones del Aljarafe<br \/>\nFoi uma \u00e9poca de ca\u00e7a Pr\u00e1tica longa que terminou hoje da melhor forma.<br \/>\nUm agradecimento muito especial a todos aqueles que contribuem e acreditam no nosso trabalho, Propriet\u00e1rios Rog\u00e9rio Ara\u00fajo, Ilidio Machado, Ant\u00f3nio Paulo Rodrigues, Paulo Correia  e Leonel Barata.<br \/>\nVamos carregar baterias para depois iniciar a prepara\u00e7\u00e3o para a pr\u00f3xima \u00e9poca de Primavera.[\/vc_column_text][\/vc_column][\/vc_row][vc_row][vc_column][vc_column_text]\n\t\t<style type=\"text\/css\">\n\t\t\t#gallery-2 {\n\t\t\t\tmargin: auto;\n\t\t\t}\n\t\t\t#gallery-2 .gallery-item {\n\t\t\t\tfloat: left;\n\t\t\t\tmargin-top: 10px;\n\t\t\t\ttext-align: center;\n\t\t\t\twidth: 25%;\n\t\t\t}\n\t\t\t#gallery-2 img {\n\t\t\t\tborder: 2px solid #cfcfcf;\n\t\t\t}\n\t\t\t#gallery-2 .gallery-caption {\n\t\t\t\tmargin-left: 0;\n\t\t\t}\n\t\t\t\/* see gallery_shortcode() in wp-includes\/media.php *\/\n\t\t<\/style>\n\t\t<div id='gallery-2' class='gallery galleryid-5405 gallery-columns-4 gallery-size-thumbnail'><dl class='gallery-item'>\n\t\t\t<dt class='gallery-icon portrait'>\n\t\t\t\t<a rel='wp-prettyPhoto[gallery]' href='http:\/\/www.canilbeiratejo.com\/wp-content\/uploads\/2023\/03\/cc.jpg'><img loading=\"lazy\" decoding=\"async\" width=\"150\" height=\"150\" src=\"http:\/\/www.canilbeiratejo.com\/wp-content\/uploads\/2023\/03\/cc-150x150.jpg\" class=\"attachment-thumbnail size-thumbnail\" alt=\"\" aria-describedby=\"gallery-2-5407\" \/><\/a>\n\t\t\t<\/dt>\n\t\t\t\t<dd class='wp-caption-text gallery-caption' id='gallery-2-5407'>\n\t\t\t\toznorMB\n\t\t\t\t<\/dd><\/dl>\n\t\t\t<br style='clear: both' \/>\n\t\t<\/div>\n[\/vc_column_text][\/vc_column][\/vc_row]","protected":false},"excerpt":{"rendered":"<p class=\"qtranxs-available-languages-message qtranxs-available-languages-message-en\">Sorry, this entry is only available in <a href=\"http:\/\/www.canilbeiratejo.com\/pt\/wp-json\/wp\/v2\/posts\/5405\" class=\"qtranxs-available-language-link qtranxs-available-language-link-pt\" title=\"Portugu\u00eas\">Portugu\u00eas<\/a>.<\/p>\n","protected":false},"author":4,"featured_media":5407,"comment_status":"open","ping_status":"closed","sticky":false,"template":"","format":"standard","meta":{"footnotes":""},"categories":[42,44,40,41],"tags":[],"class_list":["post-5405","post","type-post","status-publish","format-standard","has-post-thumbnail","hentry","category-caca","category-centro-pedagogico","category-competicao","category-formacao"],"_links":{"self":[{"href":"http:\/\/www.canilbeiratejo.com\/en\/wp-json\/wp\/v2\/posts\/5405","targetHints":{"allow":["GET"]}}],"collection":[{"href":"http:\/\/www.canilbeiratejo.com\/en\/wp-json\/wp\/v2\/posts"}],"about":[{"href":"http:\/\/www.canilbeiratejo.com\/en\/wp-json\/wp\/v2\/types\/post"}],"author":[{"embeddable":true,"href":"http:\/\/www.canilbeiratejo.com\/en\/wp-json\/wp\/v2\/users\/4"}],"replies":[{"embeddable":true,"href":"http:\/\/www.canilbeiratejo.com\/en\/wp-json\/wp\/v2\/comments?post=5405"}],"version-history":[{"count":3,"href":"http:\/\/www.canilbeiratejo.com\/en\/wp-json\/wp\/v2\/posts\/5405\/revisions"}],"predecessor-version":[{"id":5409,"href":"http:\/\/www.canilbeiratejo.com\/en\/wp-json\/wp\/v2\/posts\/5405\/revisions\/5409"}],"wp:featuredmedia":[{"embeddable":true,"href":"http:\/\/www.canilbeiratejo.com\/en\/wp-json\/wp\/v2\/media\/5407"}],"wp:attachment":[{"href":"http:\/\/www.canilbeiratejo.com\/en\/wp-json\/wp\/v2\/media?parent=5405"}],"wp:term":[{"taxonomy":"category","embeddable":true,"href":"http:\/\/www.canilbeiratejo.com\/en\/wp-json\/wp\/v2\/categories?post=5405"},{"taxonomy":"post_tag","embeddable":true,"href":"http:\/\/www.canilbeiratejo.com\/en\/wp-json\/wp\/v2\/tags?post=5405"}],"curies":[{"name":"wp","href":"https:\/\/api.w.org\/{rel}","templated":true}]}}